{"id":3649,"date":"2024-09-23T13:17:00","date_gmt":"2024-09-23T18:17:00","guid":{"rendered":"https:\/\/gatu.camasarticuladas10.com\/?p=3649"},"modified":"2024-09-23T15:49:15","modified_gmt":"2024-09-23T20:49:15","slug":"michael-2","status":"publish","type":"post","link":"https:\/\/gatu.camasarticuladas10.com\/?p=3649","title":{"rendered":"Michael"},"content":{"rendered":"<p>Busca cari\u00f1o y atenci\u00f3n. Le da su ataque de amor, m\u00ednimo una vez al d\u00eda. Se lleva bien con otros gatos. Tiene IBD el cual se encuentra controlado, aunque puede necesitar tratamiento cada cierto tiempo.<\/p>\n<p>M\/H: Macho<br \/>Edad: 3 a\u00f1os<br \/>Esterilizado\/a: S\u00ed<br \/>Vacunas (triple felina + rabia): S\u00ed<br \/>Descarte sida\/leucemia: Negativo<br \/>Desparasitado\/a: S\u00ed<br \/>NOTA: Descarte negativo IDEXX<\/p>\n\n\n<p><\/p>\n","protected":false},"excerpt":{"rendered":"<p>Busca cari\u00f1o y atenci\u00f3n. Le da su ataque de amor, m\u00ednimo una vez al d\u00eda. Se lleva bien con otros gatos. Tiene IBD el cual se encuentra controlado, aunque puede necesitar tratamiento cada cierto tiempo. M\/H: MachoEdad: 3 a\u00f1osEsterilizado\/a: S\u00edVacunas (triple felina + rabia): S\u00edDescarte sida\/leucemia: NegativoDesparasitado\/a: S\u00edNOTA: Descarte negativo IDEXX<\/p>\n","protected":false},"author":1,"featured_media":3637,"comment_status":"closed","ping_status":"open","sticky":false,"template":"","format":"standard","meta":{"_acf_changed":false,"om_disable_all_campaigns":false,"_themeisle_gutenberg_block_has_review":false,"footnotes":""},"categories":[31],"tags":[],"class_list":["post-3649","post","type-post","status-publish","format-standard","has-post-thumbnail","hentry","category-adopcion"],"acf":[],"jetpack_featured_media_url":"https:\/\/gatu.camasarticuladas10.com\/wp-content\/uploads\/2024\/09\/Michael.webp","_links":{"self":[{"href":"https:\/\/gatu.camasarticuladas10.com\/index.php?rest_route=\/wp\/v2\/posts\/3649","targetHints":{"allow":["GET"]}}],"collection":[{"href":"https:\/\/gatu.camasarticuladas10.com\/index.php?rest_route=\/wp\/v2\/posts"}],"about":[{"href":"https:\/\/gatu.camasarticuladas10.com\/index.php?rest_route=\/wp\/v2\/types\/post"}],"author":[{"embeddable":true,"href":"https:\/\/gatu.camasarticuladas10.com\/index.php?rest_route=\/wp\/v2\/users\/1"}],"replies":[{"embeddable":true,"href":"https:\/\/gatu.camasarticuladas10.com\/index.php?rest_route=%2Fwp%2Fv2%2Fcomments&post=3649"}],"version-history":[{"count":0,"href":"https:\/\/gatu.camasarticuladas10.com\/index.php?rest_route=\/wp\/v2\/posts\/3649\/revisions"}],"wp:featuredmedia":[{"embeddable":true,"href":"https:\/\/gatu.camasarticuladas10.com\/index.php?rest_route=\/wp\/v2\/media\/3637"}],"wp:attachment":[{"href":"https:\/\/gatu.camasarticuladas10.com\/index.php?rest_route=%2Fwp%2Fv2%2Fmedia&parent=3649"}],"wp:term":[{"taxonomy":"category","embeddable":true,"href":"https:\/\/gatu.camasarticuladas10.com\/index.php?rest_route=%2Fwp%2Fv2%2Fcategories&post=3649"},{"taxonomy":"post_tag","embeddable":true,"href":"https:\/\/gatu.camasarticuladas10.com\/index.php?rest_route=%2Fwp%2Fv2%2Ftags&post=3649"}],"curies":[{"name":"wp","href":"https:\/\/api.w.org\/{rel}","templated":true}]}}