{"id":3644,"date":"2024-09-23T13:08:47","date_gmt":"2024-09-23T18:08:47","guid":{"rendered":"https:\/\/gatu.camasarticuladas10.com\/?p=3644"},"modified":"2026-02-04T18:38:23","modified_gmt":"2026-02-04T23:38:23","slug":"merry-2","status":"publish","type":"post","link":"https:\/\/gatu.camasarticuladas10.com\/?p=3644","title":{"rendered":"Melon"},"content":{"rendered":"<p>Mel\u00f3n es una guerrera. Fue rescatada junto a sus beb\u00e9s de la camada \u201dFrutitas\u201d en una situaci\u00f3n muy dif\u00edcil, encerrada dentro de un rascador con ellos. \ud83d\udc94 A pesar de todo lo que sufri\u00f3, hoy est\u00e1 lista para recibir el amor y cuidado que tanto merece. \u2764\ufe0f\u200d\ud83e\ude79<\/p>\n<p>Mel\u00f3n es una gatita un poco t\u00edmida, pero con paciencia y cari\u00f1o, estamos seguros de que se convertir\u00e1 en tu compa\u00f1era ideal. \ud83c\udfe1\ud83d\udc9b <\/p>\n<p>M\/H: Hembra<br \/>Edad: 4 a\u00f1os<br \/>Esterilizado\/a: S\u00ed<br \/>Vacunas (triple felina + rabia): S\u00ed<br \/>Descarte sida\/leucemia: Positiva a leucemia<br \/>Desparasitado\/a: S\u00ed<br \/>NOTA: Descarte negativo IDEXX<\/p>\n\n\n<p><\/p>\n","protected":false},"excerpt":{"rendered":"<p>Mel\u00f3n es una guerrera. Fue rescatada junto a sus beb\u00e9s de la camada \u201dFrutitas\u201d en una situaci\u00f3n muy dif\u00edcil, encerrada dentro de un rascador con ellos. \ud83d\udc94 A pesar de todo lo que sufri\u00f3, hoy est\u00e1 lista para recibir el amor y cuidado que tanto merece. \u2764\ufe0f\u200d\ud83e\ude79 Mel\u00f3n es una gatita un poco t\u00edmida, pero [&hellip;]<\/p>\n","protected":false},"author":1,"featured_media":6793,"comment_status":"closed","ping_status":"open","sticky":false,"template":"","format":"standard","meta":{"_acf_changed":false,"om_disable_all_campaigns":false,"_themeisle_gutenberg_block_has_review":false,"footnotes":""},"categories":[31],"tags":[],"class_list":["post-3644","post","type-post","status-publish","format-standard","has-post-thumbnail","hentry","category-adopcion"],"acf":[],"jetpack_featured_media_url":"https:\/\/gatu.camasarticuladas10.com\/wp-content\/uploads\/2024\/09\/melon.jpeg","_links":{"self":[{"href":"https:\/\/gatu.camasarticuladas10.com\/index.php?rest_route=\/wp\/v2\/posts\/3644","targetHints":{"allow":["GET"]}}],"collection":[{"href":"https:\/\/gatu.camasarticuladas10.com\/index.php?rest_route=\/wp\/v2\/posts"}],"about":[{"href":"https:\/\/gatu.camasarticuladas10.com\/index.php?rest_route=\/wp\/v2\/types\/post"}],"author":[{"embeddable":true,"href":"https:\/\/gatu.camasarticuladas10.com\/index.php?rest_route=\/wp\/v2\/users\/1"}],"replies":[{"embeddable":true,"href":"https:\/\/gatu.camasarticuladas10.com\/index.php?rest_route=%2Fwp%2Fv2%2Fcomments&post=3644"}],"version-history":[{"count":2,"href":"https:\/\/gatu.camasarticuladas10.com\/index.php?rest_route=\/wp\/v2\/posts\/3644\/revisions"}],"predecessor-version":[{"id":6794,"href":"https:\/\/gatu.camasarticuladas10.com\/index.php?rest_route=\/wp\/v2\/posts\/3644\/revisions\/6794"}],"wp:featuredmedia":[{"embeddable":true,"href":"https:\/\/gatu.camasarticuladas10.com\/index.php?rest_route=\/wp\/v2\/media\/6793"}],"wp:attachment":[{"href":"https:\/\/gatu.camasarticuladas10.com\/index.php?rest_route=%2Fwp%2Fv2%2Fmedia&parent=3644"}],"wp:term":[{"taxonomy":"category","embeddable":true,"href":"https:\/\/gatu.camasarticuladas10.com\/index.php?rest_route=%2Fwp%2Fv2%2Fcategories&post=3644"},{"taxonomy":"post_tag","embeddable":true,"href":"https:\/\/gatu.camasarticuladas10.com\/index.php?rest_route=%2Fwp%2Fv2%2Ftags&post=3644"}],"curies":[{"name":"wp","href":"https:\/\/api.w.org\/{rel}","templated":true}]}}